{"id":5160,"date":"2026-03-01T17:59:22","date_gmt":"2026-03-01T16:59:22","guid":{"rendered":"https:\/\/www.verdaduras.com.pl\/wp\/?p=5160"},"modified":"2026-03-01T17:59:22","modified_gmt":"2026-03-01T16:59:22","slug":"2002-rok-konia","status":"publish","type":"post","link":"https:\/\/verdaduras.com.pl\/index.php\/2026\/03\/01\/2002-rok-konia\/","title":{"rendered":"#2002 &#8211; rok konia"},"content":{"rendered":"\n<p>Jak wiecie \/ nie wiecie * (* &#8211; czytajcie to jak chcecie, wykre\u015blajcie, podkre\u015blajcie, nic &#8222;mi\u0119&#8221; to nie rusza) mamy rok Konia. Chi\u0144ski Rok Konia (2026). <\/p>\n\n\n\n<p>Dlaczego to wa\u017cne?<\/p>\n\n\n\n<p>Bo mog\u0119 o tym poczyta\u0107, popisa\u0107, pomy\u015ble\u0107 i zapomnie\u0107 o tym tak szybko, \u017ce nawet nie zauwa\u017c\u0119 kiedy. C\u00f3\u017c to &#8211; temat dobry jak ka\u017cdy inny &#8211; bo jaki jest ko\u0144 ka\u017cdy widzi, a co wi\u0119cej, darowanemu koniowi nie zagl\u0105da si\u0119 w z\u0119by&#8230;<\/p>\n\n\n\n<p>Wa\u017cne, bo po dw\u00f3ch tygodniach sp\u0119dzonych w domu g\u0142\u00f3wnie na przebywaniu w towarzystwie siebie, najbli\u017cszych bliskich i Internetu &#8211; w formie r\u00f3\u017cnorakiej &#8211; film\u00f3w (tych g\u0142\u0119bszych, p\u0142ytkich, popularnonaukowych, rozrywkowych i zrywaj\u0105cych bani\u0119) , ksi\u0105\u017cek (tych przez du\u017ce K i malutkie k), muzyki i niestety portali spo\u0142eczno\u015bciowych &#8211; okazuje si\u0119, \u017ce z ka\u017cdego tematu mo\u017cna zrobi\u0107 u\u017cytek. Lub raczej bezu\u017cytek.<\/p>\n\n\n\n<p>Je\u015bli temat Roku Konia b\u0119dziecie zg\u0142\u0119bia\u0107, okazuje si\u0119, \u017ce powsta\u0142o na jego kanwie setki i tysi\u0105ce artyku\u0142\u00f3w &#8211; zar\u00f3wno tych m\u0105drzejszych, przemy\u015blanych, jaki takich zsynetetyzowanych prze EjAj (tak mamy Ejajizacj\u0119, nie myli\u0107 z Ejakulacj\u0105 &#8211; cho\u0107 u niekt\u00f3rych efekt ko\u0144cowy jest podobny).<\/p>\n\n\n\n<p>A moim zdaniem co z tego wynika? Jak zwykle &#8211; subiektywna prawda najprawdziwsza:<\/p>\n\n\n\n<p>&#8222;Dawne \u017cycie posz\u0142o w dal<\/p>\n\n\n\n<p>Dzi\u015b pierogi, dzisiaj bal<\/p>\n\n\n\n<p>Tylko koni, tylko koni, <\/p>\n\n\n\n<p>Tylko koni, tylko koni \u017cal &#8230;..&#8221;<\/p>\n\n\n\n<p>Ale ale, przecie\u017c jeszcze by\u0142:<\/p>\n\n\n\n<p>&#8222;Konik &#8211; z drzewa ko\u0144 na biegunach<\/p>\n\n\n\n<p>Przyjaciel wiosny, u\u015bmiech radosny<\/p>\n\n\n\n<p>Ka\u017cdy powinien go mie\u0107&#8221;.<\/p>\n\n\n\n<p>I zn\u00f3w u\u015bmiech zago\u015bci\u0142 na mej twarzy, pomimo tego, \u017ce mo\u017ce to by\u0142 Konik Troja\u0144ski?<\/p>\n\n\n\n<p><\/p>\n","protected":false},"excerpt":{"rendered":"<p>Jak wiecie \/ nie wiecie * (* &#8211; czytajcie to jak chcecie, wykre\u015blajcie, podkre\u015blajcie, nic &#8222;mi\u0119&#8221; to nie rusza) mamy rok Konia. Chi\u0144ski Rok Konia (2026). Dlaczego to wa\u017cne? Bo mog\u0119 o tym poczyta\u0107, popisa\u0107, pomy\u015ble\u0107 i zapomnie\u0107 o tym tak szybko, \u017ce nawet nie zauwa\u017c\u0119 kiedy. C\u00f3\u017c to &#8211; temat dobry jak ka\u017cdy inny &hellip; <a href=\"https:\/\/verdaduras.com.pl\/index.php\/2026\/03\/01\/2002-rok-konia\/\" class=\"more-link\">Czytaj dalej<span class=\"screen-reader-text\"> \u201e#2002 &#8211; rok konia\u201d<\/span><\/a><\/p>\n","protected":false},"author":1,"featured_media":0,"comment_status":"open","ping_status":"open","sticky":false,"template":"","format":"standard","meta":{"footnotes":""},"categories":[1],"tags":[],"class_list":["post-5160","post","type-post","status-publish","format-standard","hentry","category-uncategorized"],"_links":{"self":[{"href":"https:\/\/verdaduras.com.pl\/index.php\/wp-json\/wp\/v2\/posts\/5160","targetHints":{"allow":["GET"]}}],"collection":[{"href":"https:\/\/verdaduras.com.pl\/index.php\/wp-json\/wp\/v2\/posts"}],"about":[{"href":"https:\/\/verdaduras.com.pl\/index.php\/wp-json\/wp\/v2\/types\/post"}],"author":[{"embeddable":true,"href":"https:\/\/verdaduras.com.pl\/index.php\/wp-json\/wp\/v2\/users\/1"}],"replies":[{"embeddable":true,"href":"https:\/\/verdaduras.com.pl\/index.php\/wp-json\/wp\/v2\/comments?post=5160"}],"version-history":[{"count":0,"href":"https:\/\/verdaduras.com.pl\/index.php\/wp-json\/wp\/v2\/posts\/5160\/revisions"}],"wp:attachment":[{"href":"https:\/\/verdaduras.com.pl\/index.php\/wp-json\/wp\/v2\/media?parent=5160"}],"wp:term":[{"taxonomy":"category","embeddable":true,"href":"https:\/\/verdaduras.com.pl\/index.php\/wp-json\/wp\/v2\/categories?post=5160"},{"taxonomy":"post_tag","embeddable":true,"href":"https:\/\/verdaduras.com.pl\/index.php\/wp-json\/wp\/v2\/tags?post=5160"}],"curies":[{"name":"wp","href":"https:\/\/api.w.org\/{rel}","templated":true}]}}