{"id":5170,"date":"2026-03-07T14:15:54","date_gmt":"2026-03-07T13:15:54","guid":{"rendered":"https:\/\/www.verdaduras.com.pl\/wp\/?p=5170"},"modified":"2026-03-07T14:15:54","modified_gmt":"2026-03-07T13:15:54","slug":"2005-krok-w-bok","status":"publish","type":"post","link":"https:\/\/verdaduras.com.pl\/index.php\/2026\/03\/07\/2005-krok-w-bok\/","title":{"rendered":"#2005 &#8211; krok w bok"},"content":{"rendered":"\n<p>Zawsze gdzie\u015b lecimy. Do przodu, w d\u00f3\u0142, gdzie\u015b tam. Szybko, coraz szybciej, byle do pierwszego, byle do wiosny, byle do wakacji, byle do emerytury.<\/p>\n\n\n\n<p>A chuj tam, zaraz zleci i zostanie tylko wyb\u00f3r trumny albo urny &#8211; ale to ju\u017c i tak zadecyduj\u0105 ci, na kt\u00f3rych to spadnie. Chyba, \u017ce jeste\u015b chorym pojebem i zaplanujesz to sobie za \u017cycia.<\/p>\n\n\n\n<p>Ale ale, dok\u0105d tak lecimy i po co?<\/p>\n\n\n\n<p>Ci\u0105gle d\u0105\u017cymy do doskona\u0142o\u015bci. Por\u00f3wnujemy si\u0119 z innymi, p\u00f3\u017aniej odkrywamy, \u017ce to bez sensu i por\u00f3wnujemy si\u0119 ze sob\u0105 z wczoraj, sprzed tygodnia, sprzed roku i to ma sens, dop\u00f3ki nie osi\u0105gniesz tego punktu, \u017ce jak nie jest bardzo gorzej, to ju\u017c jest nawet jakby lepiej.<\/p>\n\n\n\n<p>Co wtedy zrobi\u0107? Zacz\u0105\u0107 by\u0107 zgorzknia\u0142ym dziadem lub bab\u0105? Jojczy\u0107, \u017ce kiedy\u015b to by\u0142o lepiej? \u017be dyskryminuj\u0105 ci\u0119 ze wzgl\u0119du na wiek? A mo\u017ce da\u0107 si\u0119 nam\u00f3wi\u0107 na jak\u0105\u015b fajn\u0105 wiar\u0119 i za par\u0119 z\u0142ot\u00f3wek za\u0142atwi\u0107 sobie obietnic\u0119 \u017cycia w przysz\u0142ym \u015bwiecie, Amen.<\/p>\n\n\n\n<p>Wystarczy mo\u017ce tego srania w bani\u0119 i pora na zrozumienie czym jeste\u015bmy i gdzie si\u0119 znajdujemy. Pora pomy\u015ble\u0107 o tym co my tu wsp\u00f3lnie robimy i dlaczego najbardziej na \u015bwiecie nienawidzimy przedstawicieli w\u0142asnego gatunku?<\/p>\n\n\n\n<p>Tak, co prawda tych z\u0142ych, ze wschodu, z zachodu, tych obok, co maj\u0105 inne pogl\u0105dy. M\u0142odszych, starszych, innych. Po prostu tamtych.<\/p>\n\n\n\n<p>Tacy sami jak my te\u017c nas wkurzaj\u0105, bo stanowi\u0105 dla nas konkurencj\u0119 i odbieraj\u0105 nam to co najlepsze dla nas. I zajmuj\u0105 miejsce na parkingach i w kolejce w markecie, czy dyskoncie raczej.<\/p>\n\n\n\n<p>Szukam sensu \u017cycia od &#8222;pi\u0144\u0107dziesi\u0119ciu&#8221; lat i nie znam go tak naprawd\u0119, bo to co pr\u00f3buj\u0105 mi wcisn\u0105\u0107 od ma\u0142ego, jako\u015b do mnie nie przemawia. B\u00f3g, honor, ojczyzna, reprodukcja, kumulacja, saturacja, eutanazja, s\u0142awa i w\u0142adza oraz strach i pokora. Wdzi\u0119czno\u015b\u0107, szacunek, praca. I w\u00f3da. musi by\u0107 w\u00f3da, albo co\u015b innego co pozwoli zapomnie\u0107, a p\u00f3\u017aniej przypomina\u0107 sobie jak dobrze, \u017ce tego nie pami\u0119tasz.<\/p>\n\n\n\n<p>Owszem, musz\u0119 si\u0119 dostosowa\u0107 do norm spo\u0142ecznych i prawa oraz w\u0142asnego sumienia, ale najbardziej wkurza mnie to, \u017ce ci co tak te i inne normy wciskaj\u0105 na lewo i prawo, sami maj\u0105 je w dupie. <\/p>\n\n\n\n<p>Zak\u0142amanie, ob\u0142uda, kit i karton wy\u0142a\u017c\u0105cy zewsz\u0105d nie pomaga odnale\u017a\u0107 si\u0119 w tym galimatiasie. <\/p>\n\n\n\n<p>Majndfulnes, \u0142ork lajf balans, fitnes, diety i kalkulator kalorii &#8211; to jest sztuka balansu i awansu by w slalomie obowi\u0105zk\u00f3w znale\u017a\u0107 czas na chwil\u0119 wytchnienia.<\/p>\n\n\n\n<p>Pora i\u015b\u0107 wytapla\u0107 si\u0119 w b\u0142ocie i mie\u0107 frajd\u0119 z kontaktu z natur\u0105.<\/p>\n\n\n\n<p>Jak nie masz na to zasob\u00f3w zawsze mo\u017cna uskuteczni\u0107 drzemk\u0119.<\/p>\n\n\n\n<p>Drzemka jest dobra na wszystko.<\/p>\n","protected":false},"excerpt":{"rendered":"<p>Zawsze gdzie\u015b lecimy. Do przodu, w d\u00f3\u0142, gdzie\u015b tam. Szybko, coraz szybciej, byle do pierwszego, byle do wiosny, byle do wakacji, byle do emerytury. A chuj tam, zaraz zleci i zostanie tylko wyb\u00f3r trumny albo urny &#8211; ale to ju\u017c i tak zadecyduj\u0105 ci, na kt\u00f3rych to spadnie. Chyba, \u017ce jeste\u015b chorym pojebem i zaplanujesz &hellip; <a href=\"https:\/\/verdaduras.com.pl\/index.php\/2026\/03\/07\/2005-krok-w-bok\/\" class=\"more-link\">Czytaj dalej<span class=\"screen-reader-text\"> \u201e#2005 &#8211; krok w bok\u201d<\/span><\/a><\/p>\n","protected":false},"author":1,"featured_media":0,"comment_status":"open","ping_status":"open","sticky":false,"template":"","format":"standard","meta":{"footnotes":""},"categories":[1],"tags":[],"class_list":["post-5170","post","type-post","status-publish","format-standard","hentry","category-uncategorized"],"_links":{"self":[{"href":"https:\/\/verdaduras.com.pl\/index.php\/wp-json\/wp\/v2\/posts\/5170","targetHints":{"allow":["GET"]}}],"collection":[{"href":"https:\/\/verdaduras.com.pl\/index.php\/wp-json\/wp\/v2\/posts"}],"about":[{"href":"https:\/\/verdaduras.com.pl\/index.php\/wp-json\/wp\/v2\/types\/post"}],"author":[{"embeddable":true,"href":"https:\/\/verdaduras.com.pl\/index.php\/wp-json\/wp\/v2\/users\/1"}],"replies":[{"embeddable":true,"href":"https:\/\/verdaduras.com.pl\/index.php\/wp-json\/wp\/v2\/comments?post=5170"}],"version-history":[{"count":0,"href":"https:\/\/verdaduras.com.pl\/index.php\/wp-json\/wp\/v2\/posts\/5170\/revisions"}],"wp:attachment":[{"href":"https:\/\/verdaduras.com.pl\/index.php\/wp-json\/wp\/v2\/media?parent=5170"}],"wp:term":[{"taxonomy":"category","embeddable":true,"href":"https:\/\/verdaduras.com.pl\/index.php\/wp-json\/wp\/v2\/categories?post=5170"},{"taxonomy":"post_tag","embeddable":true,"href":"https:\/\/verdaduras.com.pl\/index.php\/wp-json\/wp\/v2\/tags?post=5170"}],"curies":[{"name":"wp","href":"https:\/\/api.w.org\/{rel}","templated":true}]}}